{"id":2657,"date":"2026-03-25T08:51:11","date_gmt":"2026-03-25T08:51:11","guid":{"rendered":"https:\/\/telaresmaracay.com\/?p=2657"},"modified":"2026-04-01T05:56:57","modified_gmt":"2026-04-01T05:56:57","slug":"jeantex-el-mejor-denim-de-latinoamerica","status":"publish","type":"post","link":"https:\/\/telaresmaracay.com\/en\/jeantex-el-mejor-denim-de-latinoamerica\/","title":{"rendered":"El mejor denim de Latinoam\u00e9rica."},"content":{"rendered":"\n[et_pb_section fb_built=\u00bb1&#8243; _builder_version=\u00bb4.26.0&#8243; _module_preset=\u00bbdefault\u00bb custom_padding=\u00bb0px|||||\u00bb global_colors_info=\u00bb{}\u00bb theme_builder_area=\u00bbpost_content\u00bb][et_pb_row _builder_version=\u00bb4.26.0&#8243; _module_preset=\u00bbdefault\u00bb global_colors_info=\u00bb{}\u00bb theme_builder_area=\u00bbpost_content\u00bb][et_pb_column type=\u00bb4_4&#8243; _builder_version=\u00bb4.26.0&#8243; _module_preset=\u00bbdefault\u00bb global_colors_info=\u00bb{}\u00bb theme_builder_area=\u00bbpost_content\u00bb][et_pb_text _builder_version=\u00bb4.26.0&#8243; _module_preset=\u00bbdefault\u00bb global_colors_info=\u00bb{}\u00bb theme_builder_area=\u00bbpost_content\u00bb]<h1 style=\"text-align: left;\">El mejor denim de Latinoam\u00e9rica se hace en Venezuela.<\/h1>[\/et_pb_text][et_pb_video src=\u00bbhttps:\/\/telaresmaracay.com\/wp-content\/uploads\/Micro_100_Anos_Jtx_03_25_.mp4&#8243; _builder_version=\u00bb4.26.0&#8243; _module_preset=\u00bbdefault\u00bb theme_builder_area=\u00bbpost_content\u00bb hover_enabled=\u00bb0&#8243; sticky_enabled=\u00bb0&#8243; title_text=\u00bb14.1 FOTO TEJEDORA (1)\u00bb image_src=\u00bbhttps:\/\/telaresmaracay.com\/wp-content\/uploads\/2026\/03\/14.1-FOTO-TEJEDORA-1-2-scaled.jpg\u00bb][\/et_pb_video][et_pb_text _builder_version=\u00bb4.26.0&#8243; _module_preset=\u00bbdefault\u00bb global_colors_info=\u00bb{}\u00bb theme_builder_area=\u00bbpost_content\u00bb]<p style=\"text-align: justify;\">Desde su fundaci\u00f3n en 1991, <strong>Jeantex<\/strong> ha evolucionado hasta posicionarse como uno de los centros de producci\u00f3n textil m\u00e1s importantes de la regi\u00f3n. Con sede en Venezuela, la empresa destaca por fabricar uno de los mejores denim del mundo, integrando procesos de vanguardia en la elaboraci\u00f3n de telas planas, hilos y toallas que cumplen con los m\u00e1s altos est\u00e1ndares internacionales.<\/p>\n<p style=\"text-align: justify;\">Hoy, la firma reafirma su liderazgo industrial gracias a una robusta infraestructura tecnol\u00f3gica y un equipo de expertos que permiten producir m\u00e1s de <strong>un mill\u00f3n de metros de tela de jean mensuales<\/strong>.<\/p>\n<p style=\"text-align: justify;\">Con esta capacidad a gran escala y una oferta diversa en construcciones textiles, Jeantex abastece con \u00e9xito tanto el mercado nacional como las crecientes demandas del sector moda en el \u00e1mbito global.<\/p>[\/et_pb_text][et_pb_text _builder_version=\u00bb4.26.0&#8243; _module_preset=\u00bbdefault\u00bb global_colors_info=\u00bb{}\u00bb theme_builder_area=\u00bbpost_content\u00bb]<p style=\"text-align: left;\"><strong>Contacte a nuestro equipo de ventas industriales<\/strong><br \/>Ronald Hern\u00e1ndez, Gerente General de Ventas<br \/>Correo electr\u00f3nico: <a herf=\"mailto:gerenciadeventasjeantex@gmail.com\">gerenciadeventasjeantex@gmail.com<\/a><br \/>Tel\u00e9fono <a herf=\"phone:58 412-4441275\">+58 412-4441275<\/a><br \/>Sede principal: Caracas, Venezuela<br \/><strong>Log\u00edstica global:<\/strong> Consultas de exportaci\u00f3n y coordinaci\u00f3n de env\u00edos internacionales disponibles.<\/p>[\/et_pb_text][\/et_pb_column][\/et_pb_row][\/et_pb_section]\n","protected":false},"excerpt":{"rendered":"<p>El mejor denim de Latinoam\u00e9rica se hace en Venezuela.Desde su fundaci\u00f3n en 1991, Jeantex ha evolucionado hasta posicionarse como uno de los centros de producci\u00f3n textil m\u00e1s importantes de la regi\u00f3n. Con sede en Venezuela, la empresa destaca por fabricar uno de los mejores denim del mundo, integrando procesos de vanguardia en la elaboraci\u00f3n de [&hellip;]<\/p>\n","protected":false},"author":5,"featured_media":2662,"comment_status":"open","ping_status":"open","sticky":false,"template":"","format":"standard","meta":{"_et_pb_use_builder":"on","_et_pb_old_content":"","_et_gb_content_width":"","om_disable_all_campaigns":false,"_monsterinsights_skip_tracking":false,"_monsterinsights_sitenote_active":false,"_monsterinsights_sitenote_note":"","_monsterinsights_sitenote_category":0,"footnotes":""},"categories":[1],"tags":[],"class_list":["post-2657","post","type-post","status-publish","format-standard","has-post-thumbnail","hentry","category-uncategorized"],"aioseo_notices":[],"_links":{"self":[{"href":"https:\/\/telaresmaracay.com\/en\/wp-json\/wp\/v2\/posts\/2657","targetHints":{"allow":["GET"]}}],"collection":[{"href":"https:\/\/telaresmaracay.com\/en\/wp-json\/wp\/v2\/posts"}],"about":[{"href":"https:\/\/telaresmaracay.com\/en\/wp-json\/wp\/v2\/types\/post"}],"author":[{"embeddable":true,"href":"https:\/\/telaresmaracay.com\/en\/wp-json\/wp\/v2\/users\/5"}],"replies":[{"embeddable":true,"href":"https:\/\/telaresmaracay.com\/en\/wp-json\/wp\/v2\/comments?post=2657"}],"version-history":[{"count":11,"href":"https:\/\/telaresmaracay.com\/en\/wp-json\/wp\/v2\/posts\/2657\/revisions"}],"predecessor-version":[{"id":2700,"href":"https:\/\/telaresmaracay.com\/en\/wp-json\/wp\/v2\/posts\/2657\/revisions\/2700"}],"wp:featuredmedia":[{"embeddable":true,"href":"https:\/\/telaresmaracay.com\/en\/wp-json\/wp\/v2\/media\/2662"}],"wp:attachment":[{"href":"https:\/\/telaresmaracay.com\/en\/wp-json\/wp\/v2\/media?parent=2657"}],"wp:term":[{"taxonomy":"category","embeddable":true,"href":"https:\/\/telaresmaracay.com\/en\/wp-json\/wp\/v2\/categories?post=2657"},{"taxonomy":"post_tag","embeddable":true,"href":"https:\/\/telaresmaracay.com\/en\/wp-json\/wp\/v2\/tags?post=2657"}],"curies":[{"name":"wp","href":"https:\/\/api.w.org\/{rel}","templated":true}]}}