{"id":2579,"date":"2025-02-10T20:26:02","date_gmt":"2025-02-10T20:26:02","guid":{"rendered":"https:\/\/telaresmaracay.com\/?p=2579"},"modified":"2025-02-10T20:41:33","modified_gmt":"2025-02-10T20:41:33","slug":"innovacion-y-sostenibilidad-el-denim-de-jeantex-marca-la-pauta-en-colombiatex-2025","status":"publish","type":"post","link":"https:\/\/telaresmaracay.com\/en\/innovacion-y-sostenibilidad-el-denim-de-jeantex-marca-la-pauta-en-colombiatex-2025\/","title":{"rendered":"Innovation and sustainability: Jeantex denim sets the standard"},"content":{"rendered":"<p>[et_pb_section fb_built=\u00bb1&#8243; _builder_version=\u00bb4.21.2&#8243; _module_preset=\u00bbdefault\u00bb width=\u00bb100%\u00bb custom_margin=\u00bb20px||20px||true|false\u00bb custom_padding=\u00bb20px||20px||true|false\u00bb global_colors_info=\u00bb{}\u00bb theme_builder_area=\u00bbet_body_layout\u00bb][et_pb_row _builder_version=\u00bb4.21.2&#8243; _module_preset=\u00bbdefault\u00bb custom_margin=\u00bb-17px||||false|false\u00bb global_colors_info=\u00bb{}\u00bb theme_builder_area=\u00bbet_body_layout\u00bb][et_pb_column type=\u00bb4_4&#8243; _builder_version=\u00bb4.21.2&#8243; _module_preset=\u00bbdefault\u00bb global_colors_info=\u00bb{}\u00bb theme_builder_area=\u00bbet_body_layout\u00bb][et_pb_text _builder_version=\u00bb4.26.0&#8243; _module_preset=\u00bbdefault\u00bb text_font=\u00bb|700|||||||\u00bb text_font_size=\u00bb41px\u00bb header_font=\u00bb|600|||||||\u00bb header_text_color=\u00bb#000000&#8243; header_font_size=\u00bb36px\u00bb custom_margin=\u00bb-11px||14px||false|false\u00bb hover_enabled=\u00bb0&#8243; global_colors_info=\u00bb{}\u00bb theme_builder_area=\u00bbet_body_layout\u00bb sticky_enabled=\u00bb0&#8243;]<\/p>\n<h1>Innovaci\u00f3n y sostenibilidad: el denim de Jeantex marca la pauta en Colombiatex 2025<\/h1>\n<p>[\/et_pb_text][\/et_pb_column][\/et_pb_row][et_pb_row _builder_version=\u00bb4.26.0&#8243; _module_preset=\u00bbdefault\u00bb theme_builder_area=\u00bbet_body_layout\u00bb][et_pb_column _builder_version=\u00bb4.26.0&#8243; _module_preset=\u00bbdefault\u00bb type=\u00bb4_4&#8243; theme_builder_area=\u00bbet_body_layout\u00bb][et_pb_image src=\u00bbhttps:\/\/telaresmaracay.com\/wp-content\/uploads\/2025\/02\/1-FOTO-PORTADA.jpg\u00bb _builder_version=\u00bb4.26.0&#8243; _module_preset=\u00bbdefault\u00bb theme_builder_area=\u00bbet_body_layout\u00bb title_text=\u00bb1 FOTO PORTADA\u00bb hover_enabled=\u00bb0&#8243; sticky_enabled=\u00bb0&#8243; align=\u00bbcenter\u00bb][\/et_pb_image][\/et_pb_column][\/et_pb_row][et_pb_row column_structure=\u00bb1_2,1_2&#8243; _builder_version=\u00bb4.21.2&#8243; _module_preset=\u00bbdefault\u00bb global_colors_info=\u00bb{}\u00bb theme_builder_area=\u00bbet_body_layout\u00bb][et_pb_column type=\u00bb1_2&#8243; _builder_version=\u00bb4.21.2&#8243; _module_preset=\u00bbdefault\u00bb global_colors_info=\u00bb{}\u00bb theme_builder_area=\u00bbet_body_layout\u00bb][et_pb_text _builder_version=\u00bb4.26.0&#8243; _module_preset=\u00bbdefault\u00bb text_orientation=\u00bbjustified\u00bb custom_margin=\u00bb-3px|||||\u00bb hover_enabled=\u00bb0&#8243; global_colors_info=\u00bb{}\u00bb theme_builder_area=\u00bbet_body_layout\u00bb sticky_enabled=\u00bb0&#8243;]<\/p>\n<p>Jeantex, l\u00edder en la industria textil venezolana, dej\u00f3 una huella imborrable en su participaci\u00f3n en la edici\u00f3n 2025 de la prestigiosa feria Colombiatex de las Am\u00e9ricas, celebrada en Medell\u00edn, Colombia. La marca se destac\u00f3 por su enfoque en la innovaci\u00f3n y la sostenibilidad, presentando una colecci\u00f3n de prendas y tejidos denim que reflejan las \u00faltimas tendencias de la moda global.<\/p>\n<p>[\/et_pb_text][\/et_pb_column][et_pb_column type=\u00bb1_2&#8243; _builder_version=\u00bb4.21.2&#8243; _module_preset=\u00bbdefault\u00bb global_colors_info=\u00bb{}\u00bb theme_builder_area=\u00bbet_body_layout\u00bb][et_pb_image src=\u00bbhttps:\/\/telaresmaracay.com\/wp-content\/uploads\/2025\/02\/2-FOTO-STAND.jpg\u00bb title_text=\u00bb2 FOTO STAND\u00bb force_fullwidth=\u00bbon\u00bb _builder_version=\u00bb4.26.0&#8243; _module_preset=\u00bbdefault\u00bb hover_enabled=\u00bb0&#8243; border_radii=\u00bbon|5px|5px|5px|5px\u00bb global_colors_info=\u00bb{}\u00bb theme_builder_area=\u00bbet_body_layout\u00bb sticky_enabled=\u00bb0&#8243;][\/et_pb_image][\/et_pb_column][\/et_pb_row][et_pb_row column_structure=\u00bb1_2,1_2&#8243; _builder_version=\u00bb4.26.0&#8243; _module_preset=\u00bbdefault\u00bb global_colors_info=\u00bb{}\u00bb theme_builder_area=\u00bbet_body_layout\u00bb][et_pb_column type=\u00bb1_2&#8243; _builder_version=\u00bb4.21.2&#8243; _module_preset=\u00bbdefault\u00bb global_colors_info=\u00bb{}\u00bb theme_builder_area=\u00bbet_body_layout\u00bb][et_pb_image src=\u00bbhttps:\/\/telaresmaracay.com\/wp-content\/uploads\/2025\/02\/3-FOTO-PANTALONES.jpg\u00bb title_text=\u00bb3 FOTO PANTALONES\u00bb _builder_version=\u00bb4.26.0&#8243; _module_preset=\u00bbdefault\u00bb hover_enabled=\u00bb0&#8243; border_radii=\u00bbon|5px|5px|5px|5px\u00bb global_colors_info=\u00bb{}\u00bb theme_builder_area=\u00bbet_body_layout\u00bb sticky_enabled=\u00bb0&#8243;][\/et_pb_image][\/et_pb_column][et_pb_column type=\u00bb1_2&#8243; _builder_version=\u00bb4.21.2&#8243; _module_preset=\u00bbdefault\u00bb global_colors_info=\u00bb{}\u00bb theme_builder_area=\u00bbet_body_layout\u00bb][et_pb_text _builder_version=\u00bb4.26.0&#8243; _module_preset=\u00bbdefault\u00bb text_orientation=\u00bbjustified\u00bb custom_margin=\u00bb38px|||||\u00bb hover_enabled=\u00bb0&#8243; global_colors_info=\u00bb{}\u00bb theme_builder_area=\u00bbet_body_layout\u00bb sticky_enabled=\u00bb0&#8243;]El stand de Jeantex, ubicado en el pabell\u00f3n blanco en colaboraci\u00f3n con su aliado estrat\u00e9gico en Colombia, Poljean, se convirti\u00f3 en un punto de encuentro para compradores, dise\u00f1adores y expertos de la industria textil. La exhibici\u00f3n de m\u00e1s de 120 prendas denim, abarc\u00f3 desde los cl\u00e1sicos atemporales, estampados en telas crudas y driles hasta las \u00faltimas tendencias en acabados y estilos para el 2025 &#8211; 2026. Una vez m\u00e1s, Jeantex demostr\u00f3 la versatilidad y la calidad de la tela denim 100% venezolana.[\/et_pb_text][\/et_pb_column][\/et_pb_row][et_pb_row column_structure=\u00bb1_2,1_2&#8243; _builder_version=\u00bb4.26.0&#8243; _module_preset=\u00bbdefault\u00bb hover_enabled=\u00bb0&#8243; global_colors_info=\u00bb{}\u00bb theme_builder_area=\u00bbet_body_layout\u00bb sticky_enabled=\u00bb0&#8243;][et_pb_column type=\u00bb1_2&#8243; _builder_version=\u00bb4.21.2&#8243; _module_preset=\u00bbdefault\u00bb global_colors_info=\u00bb{}\u00bb theme_builder_area=\u00bbet_body_layout\u00bb][et_pb_text _builder_version=\u00bb4.26.0&#8243; _module_preset=\u00bbdefault\u00bb text_orientation=\u00bbjustified\u00bb custom_margin=\u00bb38px|||||\u00bb hover_enabled=\u00bb0&#8243; global_colors_info=\u00bb{}\u00bb theme_builder_area=\u00bbet_body_layout\u00bb sticky_enabled=\u00bb0&#8243;]<\/p>\n<p>\u00abEstamos muy emocionados de participar en Colombiatex, una plataforma que nos permite mostrar al mundo la calidad y el talento venezolano en la industria textil. Este a\u00f1o, hemos querido destacar la versatilidad de nuestro denim, que puede transformarse en infinidad de prendas y estilos, as\u00ed como nuestro compromiso con la sostenibilidad\u00bb, afirm\u00f3 Ronald Hern\u00e1ndez, Gerente de Ventas de Jeantex.<\/p>\n<p>[\/et_pb_text][\/et_pb_column][et_pb_column type=\u00bb1_2&#8243; _builder_version=\u00bb4.21.2&#8243; _module_preset=\u00bbdefault\u00bb global_colors_info=\u00bb{}\u00bb theme_builder_area=\u00bbet_body_layout\u00bb][et_pb_image src=\u00bbhttps:\/\/telaresmaracay.com\/wp-content\/uploads\/2025\/02\/4-FOTO-RONALD.jpg\u00bb title_text=\u00bb4 FOTO RONALD\u00bb _builder_version=\u00bb4.26.0&#8243; _module_preset=\u00bbdefault\u00bb hover_enabled=\u00bb0&#8243; border_radii=\u00bbon|5px|5px|5px|5px\u00bb global_colors_info=\u00bb{}\u00bb theme_builder_area=\u00bbet_body_layout\u00bb sticky_enabled=\u00bb0&#8243;][\/et_pb_image][\/et_pb_column][\/et_pb_row][et_pb_row column_structure=\u00bb1_2,1_2&#8243; _builder_version=\u00bb4.26.0&#8243; _module_preset=\u00bbdefault\u00bb hover_enabled=\u00bb0&#8243; global_colors_info=\u00bb{}\u00bb theme_builder_area=\u00bbet_body_layout\u00bb sticky_enabled=\u00bb0&#8243;][et_pb_column type=\u00bb1_2&#8243; _builder_version=\u00bb4.21.2&#8243; _module_preset=\u00bbdefault\u00bb global_colors_info=\u00bb{}\u00bb theme_builder_area=\u00bbet_body_layout\u00bb][et_pb_image src=\u00bbhttps:\/\/telaresmaracay.com\/wp-content\/uploads\/2025\/02\/5-FOTO-PANTALONES.jpg\u00bb title_text=\u00bb5 FOTO PANTALONES\u00bb _builder_version=\u00bb4.26.0&#8243; _module_preset=\u00bbdefault\u00bb hover_enabled=\u00bb0&#8243; border_radii=\u00bbon|5px|5px|5px|5px\u00bb global_colors_info=\u00bb{}\u00bb theme_builder_area=\u00bbet_body_layout\u00bb sticky_enabled=\u00bb0&#8243;][\/et_pb_image][\/et_pb_column][et_pb_column type=\u00bb1_2&#8243; _builder_version=\u00bb4.21.2&#8243; _module_preset=\u00bbdefault\u00bb global_colors_info=\u00bb{}\u00bb theme_builder_area=\u00bbet_body_layout\u00bb][et_pb_text _builder_version=\u00bb4.26.0&#8243; _module_preset=\u00bbdefault\u00bb text_orientation=\u00bbjustified\u00bb custom_margin=\u00bb38px|||||\u00bb hover_enabled=\u00bb0&#8243; global_colors_info=\u00bb{}\u00bb theme_builder_area=\u00bbet_body_layout\u00bb sticky_enabled=\u00bb0&#8243;]<\/p>\n<p>Jeantex sobresali\u00f3 por su enfoque en la moda sostenible, presentando telas de algod\u00f3n 100% con certificaci\u00f3n Cradle to Cradle, un reconocimiento internacional que eval\u00faa el ciclo de vida completo de un producto y su impacto ambiental. Esta certificaci\u00f3n reafirma el compromiso de Jeantex con la producci\u00f3n responsable y la reducci\u00f3n de su huella ecol\u00f3gica.<\/p>\n<p>[\/et_pb_text][\/et_pb_column][\/et_pb_row][et_pb_row column_structure=\u00bb1_2,1_2&#8243; _builder_version=\u00bb4.26.0&#8243; _module_preset=\u00bbdefault\u00bb hover_enabled=\u00bb0&#8243; global_colors_info=\u00bb{}\u00bb theme_builder_area=\u00bbet_body_layout\u00bb sticky_enabled=\u00bb0&#8243;][et_pb_column type=\u00bb1_2&#8243; _builder_version=\u00bb4.21.2&#8243; _module_preset=\u00bbdefault\u00bb global_colors_info=\u00bb{}\u00bb theme_builder_area=\u00bbet_body_layout\u00bb][et_pb_text _builder_version=\u00bb4.26.0&#8243; _module_preset=\u00bbdefault\u00bb text_orientation=\u00bbjustified\u00bb custom_margin=\u00bb-2px|||||\u00bb hover_enabled=\u00bb0&#8243; global_colors_info=\u00bb{}\u00bb theme_builder_area=\u00bbet_body_layout\u00bb sticky_enabled=\u00bb0&#8243;]<\/p>\n<p>La participaci\u00f3n de Jeantex en Colombiatex 2025 no s\u00f3lo consolid\u00f3 su posici\u00f3n como l\u00edder en la industria textil venezolana, sino que tambi\u00e9n fortaleci\u00f3 su alianza estrat\u00e9gica con Poljean en el mercado colombiano. Ambas empresas comparten la visi\u00f3n de ofrecer productos de alta calidad con un enfoque en la innovaci\u00f3n y la sostenibilidad.<\/p>\n<p>Para obtener m\u00e1s informaci\u00f3n sobre los productos y compromisos sostenibles de Jeantex, visite su p\u00e1gina web: <span><a href=\"http:\/\/www.jeantex.com.ve\">www.jeantex.com.ve<\/a><\/span><\/p>\n<p>Gerencia de ventas, Ronald Hern\u00e1ndez\u00a0 <span><a href=\"mailto:gerenciadeventasjeantex@gmail.com\">gerenciadeventasjeantex@gmail.com<\/a><\/span><\/p>\n<p>[\/et_pb_text][\/et_pb_column][et_pb_column type=\u00bb1_2&#8243; _builder_version=\u00bb4.21.2&#8243; _module_preset=\u00bbdefault\u00bb global_colors_info=\u00bb{}\u00bb theme_builder_area=\u00bbet_body_layout\u00bb][et_pb_image src=\u00bbhttps:\/\/telaresmaracay.com\/wp-content\/uploads\/2025\/02\/6-FOTO-CHAQUETAS.jpg\u00bb title_text=\u00bb6 FOTO CHAQUETAS\u00bb _builder_version=\u00bb4.26.0&#8243; _module_preset=\u00bbdefault\u00bb hover_enabled=\u00bb0&#8243; border_radii=\u00bbon|5px|5px|5px|5px\u00bb global_colors_info=\u00bb{}\u00bb theme_builder_area=\u00bbet_body_layout\u00bb sticky_enabled=\u00bb0&#8243;][\/et_pb_image][\/et_pb_column][\/et_pb_row][\/et_pb_section]<\/p>\n","protected":false},"excerpt":{"rendered":"<p>Innovaci\u00f3n y sostenibilidad: el denim de Jeantex marca la pauta en Colombiatex 2025Jeantex, l\u00edder en la industria textil venezolana, dej\u00f3 una huella imborrable en su participaci\u00f3n en la edici\u00f3n 2025 de la prestigiosa feria Colombiatex de las Am\u00e9ricas, celebrada en Medell\u00edn, Colombia. La marca se destac\u00f3 por su enfoque en la innovaci\u00f3n y la sostenibilidad, [&hellip;]<\/p>\n","protected":false},"author":5,"featured_media":2588,"comment_status":"open","ping_status":"open","sticky":false,"template":"","format":"standard","meta":{"_et_pb_use_builder":"on","_et_pb_old_content":"","_et_gb_content_width":"","om_disable_all_campaigns":false,"_monsterinsights_skip_tracking":false,"_monsterinsights_sitenote_active":false,"_monsterinsights_sitenote_note":"","_monsterinsights_sitenote_category":0,"footnotes":""},"categories":[1],"tags":[],"class_list":["post-2579","post","type-post","status-publish","format-standard","has-post-thumbnail","hentry","category-uncategorized"],"aioseo_notices":[],"_links":{"self":[{"href":"https:\/\/telaresmaracay.com\/en\/wp-json\/wp\/v2\/posts\/2579","targetHints":{"allow":["GET"]}}],"collection":[{"href":"https:\/\/telaresmaracay.com\/en\/wp-json\/wp\/v2\/posts"}],"about":[{"href":"https:\/\/telaresmaracay.com\/en\/wp-json\/wp\/v2\/types\/post"}],"author":[{"embeddable":true,"href":"https:\/\/telaresmaracay.com\/en\/wp-json\/wp\/v2\/users\/5"}],"replies":[{"embeddable":true,"href":"https:\/\/telaresmaracay.com\/en\/wp-json\/wp\/v2\/comments?post=2579"}],"version-history":[{"count":7,"href":"https:\/\/telaresmaracay.com\/en\/wp-json\/wp\/v2\/posts\/2579\/revisions"}],"predecessor-version":[{"id":2593,"href":"https:\/\/telaresmaracay.com\/en\/wp-json\/wp\/v2\/posts\/2579\/revisions\/2593"}],"wp:featuredmedia":[{"embeddable":true,"href":"https:\/\/telaresmaracay.com\/en\/wp-json\/wp\/v2\/media\/2588"}],"wp:attachment":[{"href":"https:\/\/telaresmaracay.com\/en\/wp-json\/wp\/v2\/media?parent=2579"}],"wp:term":[{"taxonomy":"category","embeddable":true,"href":"https:\/\/telaresmaracay.com\/en\/wp-json\/wp\/v2\/categories?post=2579"},{"taxonomy":"post_tag","embeddable":true,"href":"https:\/\/telaresmaracay.com\/en\/wp-json\/wp\/v2\/tags?post=2579"}],"curies":[{"name":"wp","href":"https:\/\/api.w.org\/{rel}","templated":true}]}}