{"id":2492,"date":"2024-10-02T17:50:08","date_gmt":"2024-10-02T17:50:08","guid":{"rendered":"https:\/\/telaresmaracay.com\/?p=2492"},"modified":"2024-10-22T14:00:38","modified_gmt":"2024-10-22T14:00:38","slug":"jeantex-y-alijuna-presentes-en-las-pasarelas-de-la","status":"publish","type":"post","link":"https:\/\/telaresmaracay.com\/en\/jeantex-y-alijuna-presentes-en-las-pasarelas-de-la\/","title":{"rendered":"Jeantex and Alijuna at the fashion fair in Milan."},"content":{"rendered":"<p>[et_pb_section fb_built=\u00bb1&#8243; _builder_version=\u00bb4.21.2&#8243; _module_preset=\u00bbdefault\u00bb width=\u00bb100%\u00bb custom_margin=\u00bb20px||20px||true|false\u00bb custom_padding=\u00bb20px||20px||true|false\u00bb global_colors_info=\u00bb{}\u00bb theme_builder_area=\u00bbpost_content\u00bb][et_pb_row _builder_version=\u00bb4.21.2&#8243; _module_preset=\u00bbdefault\u00bb custom_margin=\u00bb-17px||||false|false\u00bb global_colors_info=\u00bb{}\u00bb theme_builder_area=\u00bbpost_content\u00bb][et_pb_column type=\u00bb4_4&#8243; _builder_version=\u00bb4.21.2&#8243; _module_preset=\u00bbdefault\u00bb global_colors_info=\u00bb{}\u00bb theme_builder_area=\u00bbpost_content\u00bb][et_pb_text _builder_version=\u00bb4.26.0&#8243; _module_preset=\u00bbdefault\u00bb text_font=\u00bb|700|||||||\u00bb text_font_size=\u00bb41px\u00bb header_font=\u00bb|600|||||||\u00bb header_text_color=\u00bb#000000&#8243; header_font_size=\u00bb36px\u00bb custom_margin=\u00bb-11px||14px||false|false\u00bb global_colors_info=\u00bb{}\u00bb theme_builder_area=\u00bbpost_content\u00bb]<\/p>\n<h1>Jeantex y Alijuna presentes en las pasarelas de la Semana de la Moda de Mil\u00e1n<\/h1>\n<p>[\/et_pb_text][\/et_pb_column][\/et_pb_row][et_pb_row column_structure=\u00bb1_2,1_2&#8243; _builder_version=\u00bb4.21.2&#8243; _module_preset=\u00bbdefault\u00bb global_colors_info=\u00bb{}\u00bb theme_builder_area=\u00bbpost_content\u00bb][et_pb_column type=\u00bb1_2&#8243; _builder_version=\u00bb4.21.2&#8243; _module_preset=\u00bbdefault\u00bb global_colors_info=\u00bb{}\u00bb theme_builder_area=\u00bbpost_content\u00bb][et_pb_text _builder_version=\u00bb4.26.0&#8243; _module_preset=\u00bbdefault\u00bb text_orientation=\u00bbjustified\u00bb custom_margin=\u00bb-3px|||||\u00bb hover_enabled=\u00bb0&#8243; global_colors_info=\u00bb{}\u00bb theme_builder_area=\u00bbpost_content\u00bb sticky_enabled=\u00bb0&#8243;]<\/p>\n<p><span>Jeantex S.A., empresa textil del Grupo Telares Maracay, l\u00edder en la producci\u00f3n de telas de alta calidad, contin\u00faa dejando su huella en la industria de la moda a nivel mundial.<\/span><span>\u00a0<\/span><\/p>\n<p>La reciente participaci\u00f3n de Jeantex, en la Semana de la Moda de Mil\u00e1n, a trav\u00e9s del patrocinio de la marca venezolana Alijuna, es un claro ejemplo del compromiso con la innovaci\u00f3n y la sostenibilidad<\/p>\n<p>[\/et_pb_text][et_pb_text _builder_version=\u00bb4.26.0&#8243; _module_preset=\u00bbdefault\u00bb text_orientation=\u00bbjustified\u00bb custom_margin=\u00bb38px|||||\u00bb global_colors_info=\u00bb{}\u00bb theme_builder_area=\u00bbpost_content\u00bb]<strong>Desfile de Alijuna en Mil\u00e1n:<\/strong><\/p>\n<p>Los d\u00edas 20, 21 y 22 de septiembre, el mundo de la moda puso sus ojos en Mil\u00e1n, donde la dise\u00f1adora venezolana Aurines Romero Lanni, creadora de la marca Alijuna deslumbr\u00f3 a la audiencia en la pasarela de la Agencia Flying Solo, con sus dise\u00f1os \u00fanicos e innovadores inspirados en la rica artesan\u00eda way\u00fau y elaborados con denim de alta calidad producido por Jeantex.<\/p>\n<p>Adem\u00e1s de su participaci\u00f3n en el Mil\u00e1n Fashion Week, Alijuna ha dejado su huella en importantes eventos de moda a nivel internacional, como ColombiaTex en Medell\u00edn con su exhibici\u00f3n en el stand de Jeantex y Texhibition en Estambul. Sus dise\u00f1os \u00fanicos y personalizados han conquistado mercados en Canad\u00e1, Estados Unidos, Egipto, Espa\u00f1a, Colombia, Puerto Rico, Per\u00fa, Uruguay, Ecuador y Argentina.[\/et_pb_text][\/et_pb_column][et_pb_column type=\u00bb1_2&#8243; _builder_version=\u00bb4.21.2&#8243; _module_preset=\u00bbdefault\u00bb global_colors_info=\u00bb{}\u00bb theme_builder_area=\u00bbpost_content\u00bb][et_pb_video src=\u00bbhttps:\/\/telaresmaracay.com\/wp-content\/uploads\/2024\/10\/video-noticia.mp4&#8243; _builder_version=\u00bb4.26.0&#8243; _module_preset=\u00bbdefault\u00bb global_colors_info=\u00bb{}\u00bb theme_builder_area=\u00bbpost_content\u00bb][\/et_pb_video][\/et_pb_column][\/et_pb_row][et_pb_row column_structure=\u00bb1_2,1_2&#8243; _builder_version=\u00bb4.26.0&#8243; _module_preset=\u00bbdefault\u00bb global_colors_info=\u00bb{}\u00bb theme_builder_area=\u00bbpost_content\u00bb][et_pb_column type=\u00bb1_2&#8243; _builder_version=\u00bb4.21.2&#8243; _module_preset=\u00bbdefault\u00bb global_colors_info=\u00bb{}\u00bb theme_builder_area=\u00bbpost_content\u00bb][et_pb_image src=\u00bbhttps:\/\/telaresmaracay.com\/wp-content\/uploads\/2024\/10\/FOTO-2.jpg\u00bb title_text=\u00bbFOTO 2&#8243; _builder_version=\u00bb4.26.0&#8243; _module_preset=\u00bbdefault\u00bb border_radii=\u00bbon|5px|5px|5px|5px\u00bb global_colors_info=\u00bb{}\u00bb theme_builder_area=\u00bbpost_content\u00bb][\/et_pb_image][\/et_pb_column][et_pb_column type=\u00bb1_2&#8243; _builder_version=\u00bb4.21.2&#8243; _module_preset=\u00bbdefault\u00bb global_colors_info=\u00bb{}\u00bb theme_builder_area=\u00bbpost_content\u00bb][et_pb_text _builder_version=\u00bb4.26.0&#8243; _module_preset=\u00bbdefault\u00bb text_orientation=\u00bbjustified\u00bb custom_margin=\u00bb38px|||||\u00bb global_colors_info=\u00bb{}\u00bb theme_builder_area=\u00bbpost_content\u00bb]<\/p>\n<p><strong>La Colaboraci\u00f3n entre Jeantex y Alijuna:\u00a0<\/strong><\/p>\n<p>La colaboraci\u00f3n entre Jeantex y Alijuna surgi\u00f3 en el a\u00f1o 2023, cuando Aurines realiz\u00f3 la Ruta del Denim y pudo conocer el potencial de la tela de Jeantex, y las prendas confeccionadas por Confmar 2015 C.A. , ambas empresas del Grupo Telares Maracay. Desde ese momento naci\u00f3 una alianza que le ha brindado un valor agregado de calidad y sostenibilidad a la marca Alijuna, as\u00ed como de innovaci\u00f3n y creatividad a Jeantex.<\/p>\n<p>Actualmente, Aurines interviene prendas denim que son confeccionadas exclusivamente con tela de Jeantex. Esta uni\u00f3n es un ejemplo de c\u00f3mo la moda puede ser sostenible y a la vez, altamente creativa. Al utilizar denim certificado Cotton USA y Cradle to Cradle, ambas marcas demuestran su compromiso con la protecci\u00f3n del medio ambiente y la producci\u00f3n responsable.<\/p>\n<p>[\/et_pb_text][et_pb_image src=\u00bbhttps:\/\/telaresmaracay.com\/wp-content\/uploads\/2024\/10\/FOTO-3.jpeg\u00bb title_text=\u00bbFOTO 3&#8243; align=\u00bbcenter\u00bb force_fullwidth=\u00bbon\u00bb _builder_version=\u00bb4.26.0&#8243; _module_preset=\u00bbdefault\u00bb global_colors_info=\u00bb{}\u00bb theme_builder_area=\u00bbpost_content\u00bb][\/et_pb_image][\/et_pb_column][\/et_pb_row][et_pb_row _builder_version=\u00bb4.26.0&#8243; _module_preset=\u00bbdefault\u00bb global_colors_info=\u00bb{}\u00bb theme_builder_area=\u00bbpost_content\u00bb][et_pb_column type=\u00bb4_4&#8243; _builder_version=\u00bb4.26.0&#8243; _module_preset=\u00bbdefault\u00bb global_colors_info=\u00bb{}\u00bb theme_builder_area=\u00bbpost_content\u00bb][et_pb_text _builder_version=\u00bb4.26.0&#8243; _module_preset=\u00bbdefault\u00bb text_orientation=\u00bbjustified\u00bb custom_margin=\u00bb38px|||||\u00bb global_colors_info=\u00bb{}\u00bb theme_builder_area=\u00bbpost_content\u00bb]<\/p>\n<p><strong>\u00bfD\u00f3nde encontrar Alijuna?<\/strong><\/p>\n<p><span>Adquiera las creaciones de Alijuna en la tienda \u00c9pico ubicada en el shopping gallery del\u00a0 Hotel Eurobuilding de Caracas y a trav\u00e9s de sus redes sociales @alijunavzla.<\/span><span>\u00a0<\/span><\/p>\n<p><span>Para conocer m\u00e1s de nuestro denim comun\u00edquese con nuestro representante:<\/span><\/p>\n<p>Ronald Hern\u00e1ndez Telf: +58 412-4441275\u00a0<\/p>\n<p>Instagram: @jeantexsa\u00a0\u00a0\u00a0\u00a0\u00a0\u00a0\u00a0\u00a0\u00a0\u00a0\u00a0\u00a0\u00a0\u00a0\u00a0\u00a0\u00a0\u00a0\u00a0\u00a0\u00a0\u00a0\u00a0\u00a0\u00a0\u00a0\u00a0\u00a0\u00a0\u00a0\u00a0<\/p>\n<p>web:\u00a0 <span><a href=\"http:\/\/www.jeantex.com.ve\">www.jeantex.com.ve<\/a><\/span><\/p>\n<p>&nbsp;<\/p>\n<p>[\/et_pb_text][\/et_pb_column][\/et_pb_row][\/et_pb_section]<\/p>\n","protected":false},"excerpt":{"rendered":"<p>Jeantex S.A., empresa textil del Grupo Telares Maracay, l\u00edder en la producci\u00f3n de telas de alta calidad&#8230;<\/p>","protected":false},"author":5,"featured_media":2513,"comment_status":"open","ping_status":"open","sticky":false,"template":"","format":"standard","meta":{"_et_pb_use_builder":"on","_et_pb_old_content":"","_et_gb_content_width":"","om_disable_all_campaigns":false,"_monsterinsights_skip_tracking":false,"_monsterinsights_sitenote_active":false,"_monsterinsights_sitenote_note":"","_monsterinsights_sitenote_category":0,"footnotes":""},"categories":[1],"tags":[],"class_list":["post-2492","post","type-post","status-publish","format-standard","has-post-thumbnail","hentry","category-uncategorized"],"aioseo_notices":[],"_links":{"self":[{"href":"https:\/\/telaresmaracay.com\/en\/wp-json\/wp\/v2\/posts\/2492","targetHints":{"allow":["GET"]}}],"collection":[{"href":"https:\/\/telaresmaracay.com\/en\/wp-json\/wp\/v2\/posts"}],"about":[{"href":"https:\/\/telaresmaracay.com\/en\/wp-json\/wp\/v2\/types\/post"}],"author":[{"embeddable":true,"href":"https:\/\/telaresmaracay.com\/en\/wp-json\/wp\/v2\/users\/5"}],"replies":[{"embeddable":true,"href":"https:\/\/telaresmaracay.com\/en\/wp-json\/wp\/v2\/comments?post=2492"}],"version-history":[{"count":16,"href":"https:\/\/telaresmaracay.com\/en\/wp-json\/wp\/v2\/posts\/2492\/revisions"}],"predecessor-version":[{"id":2541,"href":"https:\/\/telaresmaracay.com\/en\/wp-json\/wp\/v2\/posts\/2492\/revisions\/2541"}],"wp:featuredmedia":[{"embeddable":true,"href":"https:\/\/telaresmaracay.com\/en\/wp-json\/wp\/v2\/media\/2513"}],"wp:attachment":[{"href":"https:\/\/telaresmaracay.com\/en\/wp-json\/wp\/v2\/media?parent=2492"}],"wp:term":[{"taxonomy":"category","embeddable":true,"href":"https:\/\/telaresmaracay.com\/en\/wp-json\/wp\/v2\/categories?post=2492"},{"taxonomy":"post_tag","embeddable":true,"href":"https:\/\/telaresmaracay.com\/en\/wp-json\/wp\/v2\/tags?post=2492"}],"curies":[{"name":"wp","href":"https:\/\/api.w.org\/{rel}","templated":true}]}}