{"id":2464,"date":"2024-09-16T19:06:40","date_gmt":"2024-09-16T19:06:40","guid":{"rendered":"https:\/\/telaresmaracay.com\/?p=2464"},"modified":"2024-10-22T14:06:22","modified_gmt":"2024-10-22T14:06:22","slug":"certificacion-cradle-to-cradle-en-jeantex-un-paso-hacia-la-modasostenible-en-venezuela","status":"publish","type":"post","link":"https:\/\/telaresmaracay.com\/en\/certificacion-cradle-to-cradle-en-jeantex-un-paso-hacia-la-modasostenible-en-venezuela\/","title":{"rendered":"Cradle to Cradle Certification at Jeantex"},"content":{"rendered":"<p>[et_pb_section fb_built=\u00bb1&#8243; _builder_version=\u00bb4.21.2&#8243; _module_preset=\u00bbdefault\u00bb width=\u00bb100%\u00bb custom_margin=\u00bb20px||20px||true|false\u00bb custom_padding=\u00bb20px||20px||true|false\u00bb global_colors_info=\u00bb{}\u00bb theme_builder_area=\u00bbpost_content\u00bb][et_pb_row _builder_version=\u00bb4.21.2&#8243; _module_preset=\u00bbdefault\u00bb custom_margin=\u00bb-17px||||false|false\u00bb global_colors_info=\u00bb{}\u00bb theme_builder_area=\u00bbpost_content\u00bb][et_pb_column type=\u00bb4_4&#8243; _builder_version=\u00bb4.21.2&#8243; _module_preset=\u00bbdefault\u00bb global_colors_info=\u00bb{}\u00bb theme_builder_area=\u00bbpost_content\u00bb][et_pb_text _builder_version=\u00bb4.26.0&#8243; _module_preset=\u00bbdefault\u00bb text_font=\u00bb|700|||||||\u00bb text_font_size=\u00bb41px\u00bb header_font=\u00bb|600|||||||\u00bb header_text_color=\u00bb#000000&#8243; header_font_size=\u00bb36px\u00bb custom_margin=\u00bb-11px||14px||false|false\u00bb global_colors_info=\u00bb{}\u00bb theme_builder_area=\u00bbpost_content\u00bb]<\/p>\n<h1>Certificaci\u00f3n Cradle to Cradle en Jeantex: Un Paso hacia la Moda Sostenible en Venezuela<\/h1>\n<p>[\/et_pb_text][et_pb_text _builder_version=\u00bb4.26.0&#8243; _module_preset=\u00bbdefault\u00bb text_font=\u00bb|700|||||||\u00bb text_font_size=\u00bb41px\u00bb header_font=\u00bb|600|||||||\u00bb header_text_color=\u00bb#000000&#8243; header_font_size=\u00bb36px\u00bb header_3_font=\u00bb|700|||||||\u00bb header_3_font_size=\u00bb25px\u00bb custom_margin=\u00bb-11px||||false|false\u00bb global_colors_info=\u00bb{}\u00bb theme_builder_area=\u00bbpost_content\u00bb]<\/p>\n<h3>Prensa Jeantex sa<\/h3>\n<p>[\/et_pb_text][\/et_pb_column][\/et_pb_row][et_pb_row column_structure=\u00bb1_2,1_2&#8243; _builder_version=\u00bb4.21.2&#8243; _module_preset=\u00bbdefault\u00bb global_colors_info=\u00bb{}\u00bb theme_builder_area=\u00bbpost_content\u00bb][et_pb_column type=\u00bb1_2&#8243; _builder_version=\u00bb4.21.2&#8243; _module_preset=\u00bbdefault\u00bb global_colors_info=\u00bb{}\u00bb theme_builder_area=\u00bbpost_content\u00bb][et_pb_image src=\u00bbhttps:\/\/telaresmaracay.com\/wp-content\/uploads\/2024\/09\/pantalon.jpg\u00bb alt=\u00bbUn geotextil no tejido es un tipo de geosint\u00e9tico caracterizado por ser plano, permeable y flexible, cuyas fibras sint\u00e9ticas de polipropileno, poli\u00e9ster o una mezcla de ambas son unidas de manera aleatoria mediante procesos mec\u00e1nicos, qu\u00edmicos o t\u00e9rmicos.\u00bb title_text=\u00bbpantalon\u00bb align=\u00bbcenter\u00bb force_fullwidth=\u00bbon\u00bb _builder_version=\u00bb4.26.0&#8243; _module_preset=\u00bbdefault\u00bb transform_scale=\u00bb102%|102%\u00bb global_colors_info=\u00bb{}\u00bb theme_builder_area=\u00bbpost_content\u00bb][\/et_pb_image][et_pb_text _builder_version=\u00bb4.26.0&#8243; _module_preset=\u00bbdefault\u00bb global_colors_info=\u00bb{}\u00bb theme_builder_area=\u00bbpost_content\u00bb]<\/p>\n<p><span>Tela Denim de Jeantex<\/span><\/p>\n<p>[\/et_pb_text][\/et_pb_column][et_pb_column type=\u00bb1_2&#8243; _builder_version=\u00bb4.21.2&#8243; _module_preset=\u00bbdefault\u00bb global_colors_info=\u00bb{}\u00bb theme_builder_area=\u00bbpost_content\u00bb][et_pb_text _builder_version=\u00bb4.26.0&#8243; _module_preset=\u00bbdefault\u00bb text_orientation=\u00bbjustified\u00bb custom_margin=\u00bb22px|||||\u00bb hover_enabled=\u00bb0&#8243; global_colors_info=\u00bb{}\u00bb theme_builder_area=\u00bbpost_content\u00bb sticky_enabled=\u00bb0&#8243;]<\/p>\n<p>En Jeantex, entendemos que la sostenibilidad es esencial en el mundo actual, especialmente en la industria de la moda. Por ello, nos enorgullece contar con la certificaci\u00f3n Cradle to Cradle (C2C) en nuestras telas denim, espec\u00edficamente en los estilos 100% algod\u00f3n azules y crudas. Somos la \u00fanica empresa textil en Venezuela que posee esta certificaci\u00f3n que, no solo valida nuestro compromiso con el medio ambiente, sino que tambi\u00e9n establece un nuevo est\u00e1ndar en la producci\u00f3n textil.<\/p>\n<p>[\/et_pb_text][et_pb_text _builder_version=\u00bb4.26.0&#8243; _module_preset=\u00bbdefault\u00bb text_orientation=\u00bbjustified\u00bb custom_margin=\u00bb38px|||||\u00bb global_colors_info=\u00bb{}\u00bb theme_builder_area=\u00bbpost_content\u00bb]<\/p>\n<p><strong>\u00bfQu\u00e9 es Cradle to Cradle?<\/strong><\/p>\n<p>Cradle to Cradle es un enfoque innovador que promueve el dise\u00f1o de productos y procesos que sean seguros y beneficiosos para el medio ambiente. A trav\u00e9s de esta certificaci\u00f3n, se eval\u00faa cada etapa del ciclo de vida de nuestros productos, desde la obtenci\u00f3n de materias primas hasta su reciclaje al final de su vida \u00fatil. Esto implica un compromiso con la calidad del agua, el uso responsable de qu\u00edmicos y la energ\u00eda renovable.<\/p>\n<p>[\/et_pb_text][\/et_pb_column][\/et_pb_row][et_pb_row column_structure=\u00bb1_2,1_2&#8243; _builder_version=\u00bb4.26.0&#8243; _module_preset=\u00bbdefault\u00bb global_colors_info=\u00bb{}\u00bb theme_builder_area=\u00bbpost_content\u00bb][et_pb_column type=\u00bb1_2&#8243; _builder_version=\u00bb4.21.2&#8243; _module_preset=\u00bbdefault\u00bb global_colors_info=\u00bb{}\u00bb theme_builder_area=\u00bbpost_content\u00bb][et_pb_text _builder_version=\u00bb4.26.0&#8243; _module_preset=\u00bbdefault\u00bb text_orientation=\u00bbjustified\u00bb global_colors_info=\u00bb{}\u00bb theme_builder_area=\u00bbpost_content\u00bb]<\/p>\n<p><strong>Impacto Positivo en el Medio Ambiente<\/strong><\/p>\n<p>La certificaci\u00f3n C2C garantiza que nuestras telas denim est\u00e1n fabricadas bajo estrictas normas ecol\u00f3gicas. En Jeantex, m\u00e1s del 50% de nuestro proceso productivo utiliza energ\u00eda renovable, lo que ayuda a reducir significativamente las emisiones de gases de efecto invernadero. Adem\u00e1s, contamos con un sistema riguroso de auditor\u00eda de calidad del agua y una planta de procesamiento que asegura la protecci\u00f3n de nuestras cuencas h\u00eddricas.<\/p>\n<ul><\/ul>\n<p>[\/et_pb_text][\/et_pb_column][et_pb_column type=\u00bb1_2&#8243; _builder_version=\u00bb4.21.2&#8243; _module_preset=\u00bbdefault\u00bb global_colors_info=\u00bb{}\u00bb theme_builder_area=\u00bbpost_content\u00bb][et_pb_image src=\u00bbhttps:\/\/telaresmaracay.com\/wp-content\/uploads\/2024\/09\/PTAR.jpg\u00bb alt=\u00bbTelanotejida\u00bb title_text=\u00bbPTAR\u00bb force_fullwidth=\u00bbon\u00bb _builder_version=\u00bb4.26.0&#8243; _module_preset=\u00bbdefault\u00bb global_colors_info=\u00bb{}\u00bb theme_builder_area=\u00bbpost_content\u00bb][\/et_pb_image][\/et_pb_column][\/et_pb_row][et_pb_row column_structure=\u00bb1_2,1_2&#8243; _builder_version=\u00bb4.26.0&#8243; _module_preset=\u00bbdefault\u00bb global_colors_info=\u00bb{}\u00bb theme_builder_area=\u00bbpost_content\u00bb][et_pb_column type=\u00bb1_2&#8243; _builder_version=\u00bb4.21.2&#8243; _module_preset=\u00bbdefault\u00bb global_colors_info=\u00bb{}\u00bb theme_builder_area=\u00bbpost_content\u00bb][et_pb_image src=\u00bbhttps:\/\/telaresmaracay.com\/wp-content\/uploads\/2024\/09\/chaqueta.jpg\u00bb alt=\u00bbIndustria polytex telas no tejidas\u00bb title_text=\u00bbchaqueta\u00bb force_fullwidth=\u00bbon\u00bb _builder_version=\u00bb4.26.0&#8243; _module_preset=\u00bbdefault\u00bb global_colors_info=\u00bb{}\u00bb theme_builder_area=\u00bbpost_content\u00bb][\/et_pb_image][et_pb_text _builder_version=\u00bb4.26.0&#8243; _module_preset=\u00bbdefault\u00bb global_colors_info=\u00bb{}\u00bb theme_builder_area=\u00bbpost_content\u00bb]<\/p>\n<p><span>Tela Denim de Jeantex<\/span><\/p>\n<p>[\/et_pb_text][\/et_pb_column][et_pb_column type=\u00bb1_2&#8243; _builder_version=\u00bb4.21.2&#8243; _module_preset=\u00bbdefault\u00bb global_colors_info=\u00bb{}\u00bb theme_builder_area=\u00bbpost_content\u00bb][et_pb_text _builder_version=\u00bb4.26.0&#8243; _module_preset=\u00bbdefault\u00bb text_orientation=\u00bbjustified\u00bb global_colors_info=\u00bb{}\u00bb theme_builder_area=\u00bbpost_content\u00bb]<\/p>\n<p><strong>Moda Sostenible: Una Oportunidad para Innovar<\/strong><\/p>\n<p>El uso de telas C2C no solo beneficia al medio ambiente; tambi\u00e9n ofrece a los dise\u00f1adores y marcas una oportunidad \u00fanica para innovar en sus colecciones. Por ello, recomendamos usar nuestras telas denim para la confecci\u00f3n de sus piezas, ya que optar\u00edan por un material que no solo es est\u00e9ticamente atractivo, sino tambi\u00e9n responsable. Esto permite desarrollar prendas que resalten por su calidad y sostenibilidad, aline\u00e1ndose con las expectativas de consumidores cada vez m\u00e1s conscientes.<\/p>\n<p>En Jeantex, estamos comprometidos a seguir redise\u00f1ando nuestros procesos para enfrentar los problemas ambientales desde su ra\u00edz. Juntos podemos construir un futuro donde la moda y la sostenibilidad vayan de la mano.<\/p>\n<p>[\/et_pb_text][\/et_pb_column][\/et_pb_row][et_pb_row _builder_version=\u00bb4.26.0&#8243; _module_preset=\u00bbdefault\u00bb global_colors_info=\u00bb{}\u00bb theme_builder_area=\u00bbpost_content\u00bb][et_pb_column type=\u00bb4_4&#8243; _builder_version=\u00bb4.21.2&#8243; _module_preset=\u00bbdefault\u00bb global_colors_info=\u00bb{}\u00bb theme_builder_area=\u00bbpost_content\u00bb][et_pb_text _builder_version=\u00bb4.26.0&#8243; _module_preset=\u00bbdefault\u00bb text_font=\u00bb|700|||||||\u00bb global_colors_info=\u00bb{}\u00bb theme_builder_area=\u00bbpost_content\u00bb]<\/p>\n<p>Jeantex S.A., una empresa del Grupo Telares Maracay, 98 a\u00f1os tejiendo futuro en Venezuela.<\/p>\n<p>[\/et_pb_text][\/et_pb_column][\/et_pb_row][\/et_pb_section]<\/p>\n","protected":false},"excerpt":{"rendered":"<p>En Jeantex, entendemos que la sostenibilidad es esencial en el mundo actual, especialmente en la industria&#8230;<\/p>","protected":false},"author":5,"featured_media":2482,"comment_status":"open","ping_status":"open","sticky":false,"template":"","format":"standard","meta":{"_et_pb_use_builder":"on","_et_pb_old_content":"","_et_gb_content_width":"","om_disable_all_campaigns":false,"_monsterinsights_skip_tracking":false,"_monsterinsights_sitenote_active":false,"_monsterinsights_sitenote_note":"","_monsterinsights_sitenote_category":0,"footnotes":""},"categories":[1],"tags":[],"class_list":["post-2464","post","type-post","status-publish","format-standard","has-post-thumbnail","hentry","category-uncategorized"],"aioseo_notices":[],"_links":{"self":[{"href":"https:\/\/telaresmaracay.com\/en\/wp-json\/wp\/v2\/posts\/2464","targetHints":{"allow":["GET"]}}],"collection":[{"href":"https:\/\/telaresmaracay.com\/en\/wp-json\/wp\/v2\/posts"}],"about":[{"href":"https:\/\/telaresmaracay.com\/en\/wp-json\/wp\/v2\/types\/post"}],"author":[{"embeddable":true,"href":"https:\/\/telaresmaracay.com\/en\/wp-json\/wp\/v2\/users\/5"}],"replies":[{"embeddable":true,"href":"https:\/\/telaresmaracay.com\/en\/wp-json\/wp\/v2\/comments?post=2464"}],"version-history":[{"count":12,"href":"https:\/\/telaresmaracay.com\/en\/wp-json\/wp\/v2\/posts\/2464\/revisions"}],"predecessor-version":[{"id":2548,"href":"https:\/\/telaresmaracay.com\/en\/wp-json\/wp\/v2\/posts\/2464\/revisions\/2548"}],"wp:featuredmedia":[{"embeddable":true,"href":"https:\/\/telaresmaracay.com\/en\/wp-json\/wp\/v2\/media\/2482"}],"wp:attachment":[{"href":"https:\/\/telaresmaracay.com\/en\/wp-json\/wp\/v2\/media?parent=2464"}],"wp:term":[{"taxonomy":"category","embeddable":true,"href":"https:\/\/telaresmaracay.com\/en\/wp-json\/wp\/v2\/categories?post=2464"},{"taxonomy":"post_tag","embeddable":true,"href":"https:\/\/telaresmaracay.com\/en\/wp-json\/wp\/v2\/tags?post=2464"}],"curies":[{"name":"wp","href":"https:\/\/api.w.org\/{rel}","templated":true}]}}