{"id":2434,"date":"2024-06-03T17:50:31","date_gmt":"2024-06-03T17:50:31","guid":{"rendered":"https:\/\/telaresmaracay.com\/?p=2434"},"modified":"2024-10-22T14:08:22","modified_gmt":"2024-10-22T14:08:22","slug":"grupo-telares-maracay-en-fedeindustria-expo-2024","status":"publish","type":"post","link":"https:\/\/telaresmaracay.com\/en\/grupo-telares-maracay-en-fedeindustria-expo-2024\/","title":{"rendered":"Grupo Telares Maracay at Fedeindustria Expo 2024"},"content":{"rendered":"<p>[et_pb_section fb_built=\u00bb1&#8243; _builder_version=\u00bb4.21.2&#8243; _module_preset=\u00bbdefault\u00bb width=\u00bb100%\u00bb custom_margin=\u00bb20px||20px||true|false\u00bb custom_padding=\u00bb20px||20px||true|false\u00bb global_colors_info=\u00bb{}\u00bb theme_builder_area=\u00bbpost_content\u00bb][et_pb_row _builder_version=\u00bb4.21.2&#8243; _module_preset=\u00bbdefault\u00bb custom_margin=\u00bb-17px||||false|false\u00bb global_colors_info=\u00bb{}\u00bb theme_builder_area=\u00bbpost_content\u00bb][et_pb_column type=\u00bb4_4&#8243; _builder_version=\u00bb4.21.2&#8243; _module_preset=\u00bbdefault\u00bb global_colors_info=\u00bb{}\u00bb theme_builder_area=\u00bbpost_content\u00bb][et_pb_text _builder_version=\u00bb4.21.2&#8243; _module_preset=\u00bbdefault\u00bb text_font=\u00bb|700|||||||\u00bb text_font_size=\u00bb41px\u00bb header_font=\u00bb|600|||||||\u00bb header_text_color=\u00bb#000000&#8243; header_font_size=\u00bb36px\u00bb custom_margin=\u00bb-11px||14px||false|false\u00bb global_colors_info=\u00bb{}\u00bb theme_builder_area=\u00bbpost_content\u00bb]<\/p>\n<h1>Grupo Telares Maracay en Fedeindustria Expo 2024<\/h1>\n<p>[\/et_pb_text][et_pb_text _builder_version=\u00bb4.21.2&#8243; _module_preset=\u00bbdefault\u00bb text_font=\u00bb|700|||||||\u00bb text_font_size=\u00bb41px\u00bb header_font=\u00bb|600|||||||\u00bb header_text_color=\u00bb#000000&#8243; header_font_size=\u00bb36px\u00bb header_3_font=\u00bb|700|||||||\u00bb header_3_font_size=\u00bb25px\u00bb custom_margin=\u00bb-11px||||false|false\u00bb global_colors_info=\u00bb{}\u00bb theme_builder_area=\u00bbpost_content\u00bb]<\/p>\n<h3>Del 23 al 25 de Mayo de 2024 en el Hotel Eurobuilding, Caracas<\/h3>\n<p>[\/et_pb_text][\/et_pb_column][\/et_pb_row][et_pb_row column_structure=\u00bb1_2,1_2&#8243; _builder_version=\u00bb4.21.2&#8243; _module_preset=\u00bbdefault\u00bb global_colors_info=\u00bb{}\u00bb theme_builder_area=\u00bbpost_content\u00bb][et_pb_column type=\u00bb1_2&#8243; _builder_version=\u00bb4.21.2&#8243; _module_preset=\u00bbdefault\u00bb global_colors_info=\u00bb{}\u00bb theme_builder_area=\u00bbpost_content\u00bb][et_pb_image src=\u00bbhttps:\/\/telaresmaracay.com\/wp-content\/uploads\/2024\/06\/Fedeindustria-Expo-2024-.jpeg\u00bb alt=\u00bbUn geotextil no tejido es un tipo de geosint\u00e9tico caracterizado por ser plano, permeable y flexible, cuyas fibras sint\u00e9ticas de polipropileno, poli\u00e9ster o una mezcla de ambas son unidas de manera aleatoria mediante procesos mec\u00e1nicos, qu\u00edmicos o t\u00e9rmicos.\u00bb title_text=\u00bbFedeindustria Expo 2024&#8243; align=\u00bbcenter\u00bb force_fullwidth=\u00bbon\u00bb _builder_version=\u00bb4.21.2&#8243; _module_preset=\u00bbdefault\u00bb transform_scale=\u00bb102%|102%\u00bb global_colors_info=\u00bb{}\u00bb theme_builder_area=\u00bbpost_content\u00bb][\/et_pb_image][\/et_pb_column][et_pb_column type=\u00bb1_2&#8243; _builder_version=\u00bb4.21.2&#8243; _module_preset=\u00bbdefault\u00bb global_colors_info=\u00bb{}\u00bb theme_builder_area=\u00bbpost_content\u00bb][et_pb_text _builder_version=\u00bb4.21.2&#8243; _module_preset=\u00bbdefault\u00bb text_orientation=\u00bbjustified\u00bb global_colors_info=\u00bb{}\u00bb theme_builder_area=\u00bbpost_content\u00bb]<\/p>\n<p>El Grupo Telares Maracay, l\u00edder en la producci\u00f3n y comercializaci\u00f3n de textiles planos y productos a base de polipropileno, particip\u00f3 con \u00e9xito en la Expo Fedeindustria 2024, evento comercial que reuni\u00f3 a m\u00e1s de cien expositores para mostrar su oferta de productos para diversos sectores industriales en Venezuela.<\/p>\n<p>[\/et_pb_text][\/et_pb_column][\/et_pb_row][et_pb_row column_structure=\u00bb1_2,1_2&#8243; _builder_version=\u00bb4.21.2&#8243; _module_preset=\u00bbdefault\u00bb global_colors_info=\u00bb{}\u00bb theme_builder_area=\u00bbpost_content\u00bb][et_pb_column type=\u00bb1_2&#8243; _builder_version=\u00bb4.21.2&#8243; _module_preset=\u00bbdefault\u00bb global_colors_info=\u00bb{}\u00bb theme_builder_area=\u00bbpost_content\u00bb][et_pb_text _builder_version=\u00bb4.21.2&#8243; _module_preset=\u00bbdefault\u00bb text_orientation=\u00bbjustified\u00bb global_colors_info=\u00bb{}\u00bb theme_builder_area=\u00bbpost_content\u00bb]<\/p>\n<p><strong>Durante la feria, Grupo Telares Maracay present\u00f3 una amplia gama de su portafolio, entre ellos:<\/strong><\/p>\n<p>&nbsp;<\/p>\n<ul>\n<li>Uniformes de trabajo y pantalones de jean.<\/li>\n<li>vaqueros de moda<\/li>\n<li>Lencer\u00eda de hotel y hogar.<\/li>\n<li>Desechables m\u00e9dicos<\/li>\n<li>Tuber\u00eda verde y mantas impermeabilizantes para la industria de la construcci\u00f3n.<\/li>\n<\/ul>\n<p>[\/et_pb_text][\/et_pb_column][et_pb_column type=\u00bb1_2&#8243; _builder_version=\u00bb4.21.2&#8243; _module_preset=\u00bbdefault\u00bb global_colors_info=\u00bb{}\u00bb theme_builder_area=\u00bbpost_content\u00bb][et_pb_image src=\u00bbhttps:\/\/telaresmaracay.com\/wp-content\/uploads\/2024\/06\/Stand-GTM.jpeg\u00bb alt=\u00bbIndustria polytex telas no tejidas\u00bb title_text=\u00bbStand GTM\u00bb force_fullwidth=\u00bbon\u00bb _builder_version=\u00bb4.21.2&#8243; _module_preset=\u00bbdefault\u00bb global_colors_info=\u00bb{}\u00bb theme_builder_area=\u00bbpost_content\u00bb][\/et_pb_image][\/et_pb_column][\/et_pb_row][et_pb_row column_structure=\u00bb2_5,3_5&#8243; _builder_version=\u00bb4.21.2&#8243; _module_preset=\u00bbdefault\u00bb global_colors_info=\u00bb{}\u00bb theme_builder_area=\u00bbpost_content\u00bb][et_pb_column type=\u00bb2_5&#8243; _builder_version=\u00bb4.21.2&#8243; _module_preset=\u00bbdefault\u00bb global_colors_info=\u00bb{}\u00bb theme_builder_area=\u00bbpost_content\u00bb][et_pb_image src=\u00bbhttps:\/\/telaresmaracay.com\/wp-content\/uploads\/2024\/06\/absortech-absorve-hidrocarburos.jpeg\u00bb alt=\u00bbTelanotejida\u00bb title_text=\u00bbabsortech, absorve hidrocarburos\u00bb force_fullwidth=\u00bbon\u00bb _builder_version=\u00bb4.21.2&#8243; _module_preset=\u00bbdefault\u00bb global_colors_info=\u00bb{}\u00bb theme_builder_area=\u00bbpost_content\u00bb][\/et_pb_image][\/et_pb_column][et_pb_column type=\u00bb3_5&#8243; _builder_version=\u00bb4.21.2&#8243; _module_preset=\u00bbdefault\u00bb global_colors_info=\u00bb{}\u00bb theme_builder_area=\u00bbpost_content\u00bb][et_pb_text _builder_version=\u00bb4.21.2&#8243; _module_preset=\u00bbdefault\u00bb text_orientation=\u00bbjustified\u00bb global_colors_info=\u00bb{}\u00bb theme_builder_area=\u00bbpost_content\u00bb]<\/p>\n<p>Como novedad, el grupo present\u00f3 Absortech, un producto con base de polipropileno que absorbe hidrocarburos pero no agua, lo que lo hace ideal para una serie de aplicaciones como la limpieza de vertidos de petr\u00f3leo en el mar.<\/p>\n<ul><\/ul>\n<p>[\/et_pb_text][\/et_pb_column][\/et_pb_row][et_pb_row column_structure=\u00bb3_5,2_5&#8243; _builder_version=\u00bb4.21.2&#8243; _module_preset=\u00bbdefault\u00bb global_colors_info=\u00bb{}\u00bb theme_builder_area=\u00bbpost_content\u00bb][et_pb_column type=\u00bb3_5&#8243; _builder_version=\u00bb4.21.2&#8243; _module_preset=\u00bbdefault\u00bb global_colors_info=\u00bb{}\u00bb theme_builder_area=\u00bbpost_content\u00bb][et_pb_text _builder_version=\u00bb4.21.2&#8243; _module_preset=\u00bbdefault\u00bb text_orientation=\u00bbjustified\u00bb global_colors_info=\u00bb{}\u00bb theme_builder_area=\u00bbpost_content\u00bb]<\/p>\n<p>Al evento asistieron autoridades gubernamentales de los sectores comercio, petrolero y agr\u00edcola, quienes pudieron conocer de primera mano las innovaciones del Grupo Telares Maracay y su compromiso con el desarrollo industrial del pa\u00eds.<\/p>\n<p>Fedeindustria Expo 2024 culmin\u00f3 con una serie de ruedas de negocios entre expositores y autoridades, donde se generaron importantes oportunidades de colaboraci\u00f3n y expectativas de nuevos negocios para el sector industrial venezolano.<\/p>\n<p>[\/et_pb_text][\/et_pb_column][et_pb_column type=\u00bb2_5&#8243; _builder_version=\u00bb4.21.2&#8243; _module_preset=\u00bbdefault\u00bb global_colors_info=\u00bb{}\u00bb theme_builder_area=\u00bbpost_content\u00bb][et_pb_image src=\u00bbhttps:\/\/telaresmaracay.com\/wp-content\/uploads\/2024\/06\/atendiendo-publico.jpeg\u00bb title_text=\u00bbatendiendo pu\u0301blico\u00bb force_fullwidth=\u00bbon\u00bb _builder_version=\u00bb4.21.2&#8243; _module_preset=\u00bbdefault\u00bb global_colors_info=\u00bb{}\u00bb theme_builder_area=\u00bbpost_content\u00bb][\/et_pb_image][\/et_pb_column][\/et_pb_row][\/et_pb_section]<\/p>\n","protected":false},"excerpt":{"rendered":"<p>El Grupo Telares Maracay, l\u00edder en la producci\u00f3n y comercializaci\u00f3n de textiles planos y productos a base de&#8230;<\/p>","protected":false},"author":5,"featured_media":2438,"comment_status":"open","ping_status":"open","sticky":false,"template":"","format":"standard","meta":{"_et_pb_use_builder":"on","_et_pb_old_content":"","_et_gb_content_width":"","om_disable_all_campaigns":false,"_monsterinsights_skip_tracking":false,"_monsterinsights_sitenote_active":false,"_monsterinsights_sitenote_note":"","_monsterinsights_sitenote_category":0,"footnotes":""},"categories":[1],"tags":[],"class_list":["post-2434","post","type-post","status-publish","format-standard","has-post-thumbnail","hentry","category-uncategorized"],"aioseo_notices":[],"_links":{"self":[{"href":"https:\/\/telaresmaracay.com\/en\/wp-json\/wp\/v2\/posts\/2434","targetHints":{"allow":["GET"]}}],"collection":[{"href":"https:\/\/telaresmaracay.com\/en\/wp-json\/wp\/v2\/posts"}],"about":[{"href":"https:\/\/telaresmaracay.com\/en\/wp-json\/wp\/v2\/types\/post"}],"author":[{"embeddable":true,"href":"https:\/\/telaresmaracay.com\/en\/wp-json\/wp\/v2\/users\/5"}],"replies":[{"embeddable":true,"href":"https:\/\/telaresmaracay.com\/en\/wp-json\/wp\/v2\/comments?post=2434"}],"version-history":[{"count":8,"href":"https:\/\/telaresmaracay.com\/en\/wp-json\/wp\/v2\/posts\/2434\/revisions"}],"predecessor-version":[{"id":2551,"href":"https:\/\/telaresmaracay.com\/en\/wp-json\/wp\/v2\/posts\/2434\/revisions\/2551"}],"wp:featuredmedia":[{"embeddable":true,"href":"https:\/\/telaresmaracay.com\/en\/wp-json\/wp\/v2\/media\/2438"}],"wp:attachment":[{"href":"https:\/\/telaresmaracay.com\/en\/wp-json\/wp\/v2\/media?parent=2434"}],"wp:term":[{"taxonomy":"category","embeddable":true,"href":"https:\/\/telaresmaracay.com\/en\/wp-json\/wp\/v2\/categories?post=2434"},{"taxonomy":"post_tag","embeddable":true,"href":"https:\/\/telaresmaracay.com\/en\/wp-json\/wp\/v2\/tags?post=2434"}],"curies":[{"name":"wp","href":"https:\/\/api.w.org\/{rel}","templated":true}]}}