{"id":2095,"date":"2024-03-21T13:18:10","date_gmt":"2024-03-21T13:18:10","guid":{"rendered":"https:\/\/telaresmaracay.com\/?p=2095"},"modified":"2024-10-22T14:21:24","modified_gmt":"2024-10-22T14:21:24","slug":"la-la-ruta-del-denim-desde-el-algodon-hasta-tu-pantalon","status":"publish","type":"post","link":"https:\/\/telaresmaracay.com\/en\/la-la-ruta-del-denim-desde-el-algodon-hasta-tu-pantalon\/","title":{"rendered":"\u201cThe Denim Route, from cotton to your pants\u201d"},"content":{"rendered":"<p>[et_pb_section fb_built=\u00bb1&#8243; _builder_version=\u00bb4.21.2&#8243; _module_preset=\u00bbdefault\u00bb custom_padding=\u00bb0px|||||\u00bb global_colors_info=\u00bb{}\u00bb theme_builder_area=\u00bbpost_content\u00bb][et_pb_row _builder_version=\u00bb4.21.2&#8243; _module_preset=\u00bbdefault\u00bb custom_margin=\u00bb59px|auto||auto||\u00bb global_colors_info=\u00bb{}\u00bb theme_builder_area=\u00bbpost_content\u00bb][et_pb_column type=\u00bb4_4&#8243; _builder_version=\u00bb4.21.2&#8243; _module_preset=\u00bbdefault\u00bb global_colors_info=\u00bb{}\u00bb theme_builder_area=\u00bbpost_content\u00bb][et_pb_text _builder_version=\u00bb4.21.2&#8243; _module_preset=\u00bbdefault\u00bb text_font=\u00bb|600|||||||\u00bb text_font_size=\u00bb30px\u00bb text_line_height=\u00bb1.3em\u00bb header_font=\u00bb|700|||||||\u00bb header_font_size=\u00bb36px\u00bb global_colors_info=\u00bb{}\u00bb theme_builder_area=\u00bbpost_content\u00bb]<\/p>\n<h1>\u201cLa Ruta del Denim, desde el algod\u00f3n hasta tu pantal\u00f3n\u201d<\/h1>\n<p>[\/et_pb_text][et_pb_text _builder_version=\u00bb4.21.2&#8243; _module_preset=\u00bbdefault\u00bb text_font=\u00bb|600|||||||\u00bb text_font_size=\u00bb30px\u00bb text_line_height=\u00bb1.3em\u00bb global_colors_info=\u00bb{}\u00bb theme_builder_area=\u00bbpost_content\u00bb]<\/p>\n<p style=\"text-align: center;\"><strong>Iniciativa de Jeantex y Confmar, empresas del Grupo Telares Maracay, para dar a conocer el proceso de fabricaci\u00f3n de telas y confecci\u00f3n de pantalones de Jean, totalmente venezolanos.<\/strong><\/p>\n<p>[\/et_pb_text][\/et_pb_column][\/et_pb_row][et_pb_row column_structure=\u00bb1_2,1_2&#8243; _builder_version=\u00bb4.21.2&#8243; _module_preset=\u00bbdefault\u00bb custom_padding=\u00bb||0px|||\u00bb global_colors_info=\u00bb{}\u00bb theme_builder_area=\u00bbpost_content\u00bb][et_pb_column type=\u00bb1_2&#8243; _builder_version=\u00bb4.21.2&#8243; _module_preset=\u00bbdefault\u00bb global_colors_info=\u00bb{}\u00bb theme_builder_area=\u00bbpost_content\u00bb][et_pb_text _builder_version=\u00bb4.26.0&#8243; _module_preset=\u00bbdefault\u00bb text_orientation=\u00bbjustified\u00bb custom_padding=\u00bb||0px|||\u00bb hover_enabled=\u00bb0&#8243; global_colors_info=\u00bb{}\u00bb theme_builder_area=\u00bbpost_content\u00bb sticky_enabled=\u00bb0&#8243;]<\/p>\n<p>En Jeantex S.A y Confmar C.A., empresas pertenecientes al Grupo Telares Maracay, ofrecemos a dise\u00f1adores, clientes y \u201ccuriosos\u201d un interesante programa de visitas guiadas a nuestras f\u00e1bricas, llamado <strong><em>\u201cLa Ruta del Denim, desde el algod\u00f3n hasta tu pantal\u00f3n\u201d<\/em><\/strong>, para dar conocer de cerca los procesos de fabricaci\u00f3n y confecci\u00f3n de los mejores jeans de Venezuela.<\/p>\n<p>&nbsp;<\/p>\n<p>Esta actividad comienza en Jeantex, una de las f\u00e1bricas m\u00e1s avanzadas en el rubro textil de Latinoam\u00e9rica, ubicada en el estado Aragua, Venezuela.<\/p>\n<p>&nbsp;<\/p>\n<p>En esta interesante experiencia los visitantes recorren las \u00e1reas de la textilera donde se realiza el proceso de producci\u00f3n de la tela denim: apertura, hilander\u00eda, urdido, te\u00f1ido, reurdido, engomado, patio de telares y planta acabado. Desde la recepci\u00f3n del algod\u00f3n, pasando por estrictos controles de calidad, hasta el rollo empaquetado y listo para su distribuci\u00f3n.<\/p>\n<p>[\/et_pb_text][\/et_pb_column][et_pb_column type=\u00bb1_2&#8243; _builder_version=\u00bb4.21.2&#8243; _module_preset=\u00bbdefault\u00bb global_colors_info=\u00bb{}\u00bb theme_builder_area=\u00bbpost_content\u00bb][et_pb_image src=\u00bbhttps:\/\/telaresmaracay.com\/wp-content\/uploads\/2024\/04\/Apertura-del-algodon-1.jpg\u00bb title_text=\u00bbApertura-del-algod\u00f3n\u00bb _builder_version=\u00bb4.21.2&#8243; _module_preset=\u00bbdefault\u00bb width=\u00bb87%\u00bb global_colors_info=\u00bb{}\u00bb theme_builder_area=\u00bbpost_content\u00bb][\/et_pb_image][\/et_pb_column][\/et_pb_row][et_pb_row column_structure=\u00bb1_2,1_2&#8243; _builder_version=\u00bb4.21.2&#8243; _module_preset=\u00bbdefault\u00bb custom_padding=\u00bb88px|||||\u00bb global_colors_info=\u00bb{}\u00bb theme_builder_area=\u00bbpost_content\u00bb][et_pb_column type=\u00bb1_2&#8243; _builder_version=\u00bb4.21.2&#8243; _module_preset=\u00bbdefault\u00bb global_colors_info=\u00bb{}\u00bb theme_builder_area=\u00bbpost_content\u00bb][et_pb_text _builder_version=\u00bb4.21.2&#8243; _module_preset=\u00bbdefault\u00bb text_orientation=\u00bbjustified\u00bb width=\u00bb100%\u00bb global_colors_info=\u00bb{}\u00bb theme_builder_area=\u00bbpost_content\u00bb]<\/p>\n<p>La sorpresa de los asistentes es may\u00fascula al conocer de cerca una empresa del calibre de Jeantex, por el tama\u00f1o de nuestras instalaciones y los diversos equipos de \u00faltima tecnolog\u00eda que utilizamos para producir tela certificada en su calidad por dos instituciones de prestigio internacional como son:\u00a0 U.S Cotton Trust Protocol y Cradle to Cradle Certified.<\/p>\n<p>&nbsp;<\/p>\n<p>La ruta contin\u00faa en Confmar 2015 C.A., nuestra empresa de confecci\u00f3n ubicada en Maracay, estados Aragua, Venezuela; donde los visitantes experimentan un mundo diferente, en el que el \u00edndigo y la confecci\u00f3n, son los protagonistas.<\/p>\n<p>&nbsp;<\/p>\n<p>Este recorrido inicia en la zona de tendido, donde un rollo de tela, como los que nuestros visitantes vieron empaquetados en Jeantex, se coloca sobre la m\u00e1quina autom\u00e1tica y capa a capa va tendiendo el denim sobre la mesa para iniciar el proceso de confecci\u00f3n con la fijaci\u00f3n de los patrones y el corte.<\/p>\n<p>&nbsp;<\/p>\n<p>&nbsp;<\/p>\n<p>&nbsp;<\/p>\n<p>[\/et_pb_text][\/et_pb_column][et_pb_column type=\u00bb1_2&#8243; _builder_version=\u00bb4.21.2&#8243; _module_preset=\u00bbdefault\u00bb global_colors_info=\u00bb{}\u00bb theme_builder_area=\u00bbpost_content\u00bb][et_pb_image src=\u00bbhttps:\/\/telaresmaracay.com\/wp-content\/uploads\/2024\/03\/Confeccion-1.jpg\u00bb title_text=\u00bb#Flare &#8211; 7&#8243; _builder_version=\u00bb4.21.2&#8243; _module_preset=\u00bbdefault\u00bb width=\u00bb89%\u00bb global_colors_info=\u00bb{}\u00bb theme_builder_area=\u00bbpost_content\u00bb][\/et_pb_image][\/et_pb_column][\/et_pb_row][et_pb_row column_structure=\u00bb2_5,3_5&#8243; _builder_version=\u00bb4.21.2&#8243; _module_preset=\u00bbdefault\u00bb global_colors_info=\u00bb{}\u00bb theme_builder_area=\u00bbpost_content\u00bb][et_pb_column type=\u00bb2_5&#8243; _builder_version=\u00bb4.21.2&#8243; _module_preset=\u00bbdefault\u00bb global_colors_info=\u00bb{}\u00bb theme_builder_area=\u00bbpost_content\u00bb][et_pb_image src=\u00bbhttps:\/\/telaresmaracay.com\/wp-content\/uploads\/2024\/03\/Laser.jpg\u00bb alt=\u00bbTejedur\u00eda de tela de jean de Telares Maracay\u00bb title_text=\u00bb#Flare &#8211; 11&#8243; _builder_version=\u00bb4.21.2&#8243; _module_preset=\u00bbdefault\u00bb global_colors_info=\u00bb{}\u00bb theme_builder_area=\u00bbpost_content\u00bb][\/et_pb_image][et_pb_image src=\u00bbhttps:\/\/telaresmaracay.com\/wp-content\/uploads\/2024\/03\/CONFMAR.png\u00bb alt=\u00bbTejedur\u00eda de tela de jean de Telares Maracay\u00bb title_text=\u00bbCONFMAR\u00bb _builder_version=\u00bb4.21.2&#8243; _module_preset=\u00bbdefault\u00bb global_colors_info=\u00bb{}\u00bb theme_builder_area=\u00bbpost_content\u00bb][\/et_pb_image][\/et_pb_column][et_pb_column type=\u00bb3_5&#8243; _builder_version=\u00bb4.21.2&#8243; _module_preset=\u00bbdefault\u00bb global_colors_info=\u00bb{}\u00bb theme_builder_area=\u00bbpost_content\u00bb][et_pb_text _builder_version=\u00bb4.21.2&#8243; _module_preset=\u00bbdefault\u00bb text_orientation=\u00bbjustified\u00bb global_colors_info=\u00bb{}\u00bb theme_builder_area=\u00bbpost_content\u00bb]<\/p>\n<p>All\u00ed, las telas son cortadas por personal especialmente capacitado para tal tarea, siguiendo patrones de acuerdo al tipo de pieza que se va a confeccionar, luego, se unen los fragmentos del rompecabezas para formar las prendas.<\/p>\n<p>En cada estaci\u00f3n un operario, con un alto grado de entrenamiento, se encarga de realizar una o dos operaciones dependiendo de la fase de confecci\u00f3n de la pieza en la que se encuentre.<\/p>\n<p>Al llegar a lavander\u00eda, los invitados se encuentran con el l\u00e1ser, donde son testigos de una demostraci\u00f3n del potencial de esta tecnolog\u00eda y lo que ofrece en cuanto a acabados y eco sostenibilidad.<\/p>\n<p>Del l\u00e1ser, la ruta contin\u00faa por las lavadoras industriales, que al son de la m\u00fasica lavan, ti\u00f1en y secan, demostrando la versatilidad y calidad de la tela.<\/p>\n<p>El recorrido finaliza en la zona donde las piezas son etiquetadas, planchadas y empaquetadas.<\/p>\n<p>Cabe destacar, que en cada \u00e1rea existen auditor\u00edas de calidad para garantizar que las prendas cumplan con los est\u00e1ndares de la empresa y de los clientes.<\/p>\n<p>[\/et_pb_text][\/et_pb_column][\/et_pb_row][et_pb_row _builder_version=\u00bb4.21.2&#8243; _module_preset=\u00bbdefault\u00bb global_colors_info=\u00bb{}\u00bb theme_builder_area=\u00bbpost_content\u00bb][et_pb_column type=\u00bb4_4&#8243; _builder_version=\u00bb4.21.2&#8243; _module_preset=\u00bbdefault\u00bb global_colors_info=\u00bb{}\u00bb theme_builder_area=\u00bbpost_content\u00bb][et_pb_text _builder_version=\u00bb4.21.2&#8243; _module_preset=\u00bbdefault\u00bb custom_padding=\u00bb|0px||||\u00bb global_colors_info=\u00bb{}\u00bb theme_builder_area=\u00bbpost_content\u00bb]<\/p>\n<p>En el Grupo Telares Maracay, desde 1926, estamos enfocados en la fabricaci\u00f3n y confecci\u00f3n de piezas que cumplan con los m\u00e1s estrictos controles de calidad y ofrezcan al p\u00fablico productos de clase mundial.<\/p>\n<p>Para conocer m\u00e1s de nuestros productos o le interesa hacer este interesante recorrido <em>\u201c<strong>La Ruta del Denim, desde el algod\u00f3n hasta tu pantal\u00f3n\u201d<\/strong><\/em>, comun\u00edquese con nuestros representantes.<\/p>\n<p>Telf: +58 212 561 3511 \u00a0\u00a0Redes: @jeantexsa\u00a0 \u00a0web: www.jeantex.com.ve<\/p>\n<p>[\/et_pb_text][et_pb_text _builder_version=\u00bb4.21.2&#8243; _module_preset=\u00bbdefault\u00bb global_colors_info=\u00bb{}\u00bb theme_builder_area=\u00bbpost_content\u00bb][\/et_pb_text][\/et_pb_column][\/et_pb_row][\/et_pb_section]<\/p>\n","protected":false},"excerpt":{"rendered":"<p>En Jeantex S.A y Confmar C.A., empresas pertenecientes al Grupo Telares Maracay, ofrecemos a dise\u00f1adores, clientes&#8230;<\/p>","protected":false},"author":5,"featured_media":2098,"comment_status":"open","ping_status":"open","sticky":false,"template":"","format":"standard","meta":{"_et_pb_use_builder":"on","_et_pb_old_content":"","_et_gb_content_width":"","om_disable_all_campaigns":false,"_monsterinsights_skip_tracking":false,"_monsterinsights_sitenote_active":false,"_monsterinsights_sitenote_note":"","_monsterinsights_sitenote_category":0,"footnotes":""},"categories":[1],"tags":[],"class_list":["post-2095","post","type-post","status-publish","format-standard","has-post-thumbnail","hentry","category-uncategorized"],"aioseo_notices":[],"_links":{"self":[{"href":"https:\/\/telaresmaracay.com\/en\/wp-json\/wp\/v2\/posts\/2095","targetHints":{"allow":["GET"]}}],"collection":[{"href":"https:\/\/telaresmaracay.com\/en\/wp-json\/wp\/v2\/posts"}],"about":[{"href":"https:\/\/telaresmaracay.com\/en\/wp-json\/wp\/v2\/types\/post"}],"author":[{"embeddable":true,"href":"https:\/\/telaresmaracay.com\/en\/wp-json\/wp\/v2\/users\/5"}],"replies":[{"embeddable":true,"href":"https:\/\/telaresmaracay.com\/en\/wp-json\/wp\/v2\/comments?post=2095"}],"version-history":[{"count":26,"href":"https:\/\/telaresmaracay.com\/en\/wp-json\/wp\/v2\/posts\/2095\/revisions"}],"predecessor-version":[{"id":2557,"href":"https:\/\/telaresmaracay.com\/en\/wp-json\/wp\/v2\/posts\/2095\/revisions\/2557"}],"wp:featuredmedia":[{"embeddable":true,"href":"https:\/\/telaresmaracay.com\/en\/wp-json\/wp\/v2\/media\/2098"}],"wp:attachment":[{"href":"https:\/\/telaresmaracay.com\/en\/wp-json\/wp\/v2\/media?parent=2095"}],"wp:term":[{"taxonomy":"category","embeddable":true,"href":"https:\/\/telaresmaracay.com\/en\/wp-json\/wp\/v2\/categories?post=2095"},{"taxonomy":"post_tag","embeddable":true,"href":"https:\/\/telaresmaracay.com\/en\/wp-json\/wp\/v2\/tags?post=2095"}],"curies":[{"name":"wp","href":"https:\/\/api.w.org\/{rel}","templated":true}]}}